{"id":491,"date":"2018-10-18T17:14:31","date_gmt":"2018-10-18T15:14:31","guid":{"rendered":"https:\/\/www.jauch.com\/blog\/?p=491"},"modified":"2025-05-15T08:09:28","modified_gmt":"2025-05-15T06:09:28","slug":"internationaler-messe-herbst-bei-jauch","status":"publish","type":"post","link":"https:\/\/www.jauch.com\/blog\/internationaler-messe-herbst-bei-jauch\/","title":{"rendered":"Internationaler Messe-Herbst bei Jauch"},"content":{"rendered":"<p>Drei Monate, acht Messen, sechs L\u00e4nder \u2013 so k\u00f6nnte man den Messe-Herbst 2018 bei Jauch zusammenfassen. Von Amerika, \u00fcber Europa bis nach Asien ist die Jauch-Gruppe j\u00e4hrlich auf rund 20 Fachmessen vertreten. Die meisten davon finden im Fr\u00fchjahr und im Herbst statt.<\/p>\n<p>\u201eMessen sind f\u00fcr uns ein wichtiger Bestandteil der Marketing- und Vertriebsaktivit\u00e4ten. Die Fachmessen sind immer eine optimale M\u00f6glichkeit, um sich mit den Experten der jeweiligen Branche auszutauschen, mit Kunden und Interessenten in pers\u00f6nlichen Kontakt zu treten und sich selbst \u00fcber aktuelle Trends am Markt zu informieren\u201c, so Steffen Fritz, Mitglied der Gesch\u00e4ftsleitung bei Jauch.<\/p>\n<p><strong>Messeaktivit\u00e4ten auf drei unterschiedlichen Kontinenten<\/strong><\/p>\n<p>Momentan befinden wir uns wieder in einer Messe-Hochsaison. Von September bis November war und ist die Jauch-Gruppe auf acht Fachmessen in unterschiedlichen Branchen und L\u00e4ndern vertreten. Den Start in den diesj\u00e4hrigen Messe-Herbst machte das Event \u201eThe Battery Show\u201c in den USA. Hier zeigte sich, dass Batterie-L\u00f6sungen momentan gefragt sind wie nie. Die Jauch-Experten konnten mit ihrem umfangreichen Produkt- und Zertifizierungs-Wissen die vielen Fragen der Messebesucher kompetent beantworten. Begeistert waren die Besucher am Jauch-Stand vor allem von unserem technischen Know-how und unseren individualisierbaren Komplett-L\u00f6sungen.<\/p>\n<p><img loading=\"lazy\" decoding=\"async\" width=\"2000\" height=\"1125\" class=\"size-full wp-image-494\" alt=\"The Battery Show 2018\" src=\"https:\/\/www.jauch.com\/blog\/wp-content\/uploads\/2018\/10\/The-Battery-Show-2018_Web.jpg\" srcset=\"https:\/\/www.jauch.com\/blog\/wp-content\/uploads\/2018\/10\/The-Battery-Show-2018_Web.jpg 2000w, https:\/\/www.jauch.com\/blog\/wp-content\/uploads\/2018\/10\/The-Battery-Show-2018_Web-300x169.jpg 300w, https:\/\/www.jauch.com\/blog\/wp-content\/uploads\/2018\/10\/The-Battery-Show-2018_Web-768x432.jpg 768w, https:\/\/www.jauch.com\/blog\/wp-content\/uploads\/2018\/10\/The-Battery-Show-2018_Web-1024x576.jpg 1024w, https:\/\/www.jauch.com\/blog\/wp-content\/uploads\/2018\/10\/The-Battery-Show-2018_Web-280x158.jpg 280w, https:\/\/www.jauch.com\/blog\/wp-content\/uploads\/2018\/10\/The-Battery-Show-2018_Web-1860x1046.jpg 1860w\" sizes=\"(max-width: 2000px) 100vw, 2000px\" \/><\/p>\n<p>Auch auf der Security Essen, einer der bedeutendsten Fachmessen f\u00fcr Sicherheitstechnik, der TEC Lund in Schweden und der electronica India zeigten die Fachbesucher gro\u00dfes Interesse an den Frequenzbauteilen und Batterie-L\u00f6sungen von Jauch.<\/p>\n<p><strong>Premiere bei der Medical Technology Ireland<\/strong><\/p>\n<p>Erstmals pr\u00e4sentierte sich die Jauch-Gruppe in diesem Jahr auch auf der Medical Technology Ireland, die im September im irischen Galway stattfand. Die Medizintechnik ist eine der wichtigsten Branchen f\u00fcr Jauch. Unsere Quarze, Oszillatoren und Batterien tragen dazu bei, dass mit tragbaren elektronischen Ger\u00e4ten Diagnosen schneller erstellt und Analysen flexibler durchgef\u00fchrt werden k\u00f6nnen.<\/p>\n<p>Die Jauch-Gruppe m\u00f6chte das Potential des irischen Marktes in Zukunft intensiver nutzen. Hierzu wurde vor einigen Wochen ein neuer technischer Account Manager eingestellt, der von Dublin aus die Kunden in Irland und Nordirland betreut.<\/p>\n<p><img loading=\"lazy\" decoding=\"async\" width=\"1920\" height=\"1000\" class=\"size-full wp-image-496\" alt=\"Medical Technology Ireland 2018\" src=\"https:\/\/www.jauch.com\/blog\/wp-content\/uploads\/2018\/10\/Medical-Technology-Ireland-2018.jpg\" srcset=\"https:\/\/www.jauch.com\/blog\/wp-content\/uploads\/2018\/10\/Medical-Technology-Ireland-2018.jpg 1920w, https:\/\/www.jauch.com\/blog\/wp-content\/uploads\/2018\/10\/Medical-Technology-Ireland-2018-300x156.jpg 300w, https:\/\/www.jauch.com\/blog\/wp-content\/uploads\/2018\/10\/Medical-Technology-Ireland-2018-768x400.jpg 768w, https:\/\/www.jauch.com\/blog\/wp-content\/uploads\/2018\/10\/Medical-Technology-Ireland-2018-1024x533.jpg 1024w, https:\/\/www.jauch.com\/blog\/wp-content\/uploads\/2018\/10\/Medical-Technology-Ireland-2018-280x146.jpg 280w, https:\/\/www.jauch.com\/blog\/wp-content\/uploads\/2018\/10\/Medical-Technology-Ireland-2018-1860x969.jpg 1860w\" sizes=\"(max-width: 1920px) 100vw, 1920px\" \/><\/p>\n<p><strong>Messe-Highlight steht im November an<\/strong><\/p>\n<p>Die wichtigste Messe f\u00fcr Jauch ist die <a href=\"https:\/\/www.jauch.com\/blog\/wie-koennen-wir-mit-den-technischen-veraenderungen-der-welt-von-morgen-schon-heute-schritt-halten\/\" target=\"_blank\" rel=\"noopener noreferrer\">electronica<\/a> in M\u00fcnchen. Die Weltleitmesse f\u00fcr Elektronik findet alle zwei Jahre im November statt. Bei Jauch laufen die Planungen und Vorbereitungen schon seit Wochen auf Hochtouren. Auf einem neuen, 190 Quadratmeter gro\u00dfen Messestand werden wir den Besuchern unsere Produkte und Services pr\u00e4sentieren. Wir sind gespannt auf dieses Gro\u00dfereignis und freuen uns auf gro\u00dfartige Tage und intensive Gespr\u00e4che.<\/p>\n","protected":false},"excerpt":{"rendered":"<p>Drei Monate, acht Messen, sechs L\u00e4nder \u2013 so k\u00f6nnte man den Messe-Herbst 2018 bei Jauch zusammenfassen. Von Amerika, \u00fcber Europa bis nach Asien ist die Jauch-Gruppe j\u00e4hrlich auf rund 20 Fachmessen vertreten. Die meisten davon finden im Fr\u00fchjahr und im Herbst statt. \u201eMessen sind f\u00fcr uns ein wichtiger Bestandteil der Marketing- und Vertriebsaktivit\u00e4ten. Die Fachmessen<\/p>\n","protected":false},"author":3,"featured_media":492,"comment_status":"open","ping_status":"closed","sticky":false,"template":"","format":"standard","meta":{"footnotes":""},"categories":[12],"tags":[81,100,115,20,70],"yoast_head":"<!-- This site is optimized with the Yoast SEO plugin v23.0 - https:\/\/yoast.com\/wordpress\/plugins\/seo\/ -->\n<title>Internationaler Messe-Herbst bei Jauch &#8211; Jauch Blog-Seite<\/title>\n<meta name=\"description\" content=\"Ob in Europa, Asien oder den USA \u2013 Jauch ist im Messe-Herbst weltweit pr\u00e4sent. Der Artikel gibt Einblicke in die wichtigsten Branchenevents und zeigt, wie pers\u00f6nliche Begegnungen Innovationen vorantreiben.\" \/>\n<meta name=\"robots\" content=\"index, follow, max-snippet:-1, max-image-preview:large, max-video-preview:-1\" \/>\n<link rel=\"canonical\" href=\"https:\/\/www.jauch.com\/blog\/internationaler-messe-herbst-bei-jauch\/\" \/>\n<meta property=\"og:locale\" content=\"de_DE\" \/>\n<meta property=\"og:type\" content=\"article\" \/>\n<meta property=\"og:title\" content=\"Internationaler Messe-Herbst bei Jauch &#8211; Jauch Blog-Seite\" \/>\n<meta property=\"og:description\" content=\"Ob in Europa, Asien oder den USA \u2013 Jauch ist im Messe-Herbst weltweit pr\u00e4sent. Der Artikel gibt Einblicke in die wichtigsten Branchenevents und zeigt, wie pers\u00f6nliche Begegnungen Innovationen vorantreiben.\" \/>\n<meta property=\"og:url\" content=\"https:\/\/www.jauch.com\/blog\/internationaler-messe-herbst-bei-jauch\/\" \/>\n<meta property=\"og:site_name\" content=\"Jauch Blog-Seite\" \/>\n<meta property=\"article:publisher\" content=\"https:\/\/www.facebook.com\/jauch.com.de\/\" \/>\n<meta property=\"article:published_time\" content=\"2018-10-18T15:14:31+00:00\" \/>\n<meta property=\"article:modified_time\" content=\"2025-05-15T06:09:28+00:00\" \/>\n<meta property=\"og:image\" content=\"https:\/\/www.jauch.com\/blog\/wp-content\/uploads\/2018\/10\/Trade-Fairs_autumn-2018.jpg\" \/>\n\t<meta property=\"og:image:width\" content=\"1920\" \/>\n\t<meta property=\"og:image:height\" content=\"1000\" \/>\n\t<meta property=\"og:image:type\" content=\"image\/jpeg\" \/>\n<meta name=\"author\" content=\"Tabea Fischerkeller\" \/>\n<meta name=\"twitter:card\" content=\"summary_large_image\" \/>\n<meta name=\"twitter:creator\" content=\"@jauch_de\" \/>\n<meta name=\"twitter:site\" content=\"@jauch_de\" \/>\n<meta name=\"twitter:label1\" content=\"Verfasst von\" \/>\n\t<meta name=\"twitter:data1\" content=\"Tabea Fischerkeller\" \/>\n\t<meta name=\"twitter:label2\" content=\"Gesch\u00e4tzte Lesezeit\" \/>\n\t<meta name=\"twitter:data2\" content=\"3\u00a0Minuten\" \/>\n<script type=\"application\/ld+json\" class=\"yoast-schema-graph\">{\"@context\":\"https:\/\/schema.org\",\"@graph\":[{\"@type\":\"Article\",\"@id\":\"https:\/\/www.jauch.com\/blog\/internationaler-messe-herbst-bei-jauch\/#article\",\"isPartOf\":{\"@id\":\"https:\/\/www.jauch.com\/blog\/internationaler-messe-herbst-bei-jauch\/\"},\"author\":{\"name\":\"Tabea Fischerkeller\",\"@id\":\"https:\/\/www.jauch.com\/blog\/#\/schema\/person\/5dbf54d87b83fcdb2b80eba606076e52\"},\"headline\":\"Internationaler Messe-Herbst bei Jauch\",\"datePublished\":\"2018-10-18T15:14:31+00:00\",\"dateModified\":\"2025-05-15T06:09:28+00:00\",\"mainEntityOfPage\":{\"@id\":\"https:\/\/www.jauch.com\/blog\/internationaler-messe-herbst-bei-jauch\/\"},\"wordCount\":408,\"commentCount\":0,\"publisher\":{\"@id\":\"https:\/\/www.jauch.com\/blog\/#organization\"},\"image\":{\"@id\":\"https:\/\/www.jauch.com\/blog\/internationaler-messe-herbst-bei-jauch\/#primaryimage\"},\"thumbnailUrl\":\"https:\/\/www.jauch.com\/blog\/wp-content\/uploads\/2018\/10\/Trade-Fairs_autumn-2018.jpg\",\"keywords\":[\"Batterien\",\"Electronica\",\"Fachmesse\",\"Frequenz\",\"frequenzgebende Bauteile\"],\"articleSection\":[\"Unternehmen\"],\"inLanguage\":\"de\",\"potentialAction\":[{\"@type\":\"CommentAction\",\"name\":\"Comment\",\"target\":[\"https:\/\/www.jauch.com\/blog\/internationaler-messe-herbst-bei-jauch\/#respond\"]}]},{\"@type\":\"WebPage\",\"@id\":\"https:\/\/www.jauch.com\/blog\/internationaler-messe-herbst-bei-jauch\/\",\"url\":\"https:\/\/www.jauch.com\/blog\/internationaler-messe-herbst-bei-jauch\/\",\"name\":\"Internationaler Messe-Herbst bei Jauch &#8211; Jauch Blog-Seite\",\"isPartOf\":{\"@id\":\"https:\/\/www.jauch.com\/blog\/#website\"},\"primaryImageOfPage\":{\"@id\":\"https:\/\/www.jauch.com\/blog\/internationaler-messe-herbst-bei-jauch\/#primaryimage\"},\"image\":{\"@id\":\"https:\/\/www.jauch.com\/blog\/internationaler-messe-herbst-bei-jauch\/#primaryimage\"},\"thumbnailUrl\":\"https:\/\/www.jauch.com\/blog\/wp-content\/uploads\/2018\/10\/Trade-Fairs_autumn-2018.jpg\",\"datePublished\":\"2018-10-18T15:14:31+00:00\",\"dateModified\":\"2025-05-15T06:09:28+00:00\",\"description\":\"Ob in Europa, Asien oder den USA \u2013 Jauch ist im Messe-Herbst weltweit pr\u00e4sent. Der Artikel gibt Einblicke in die wichtigsten Branchenevents und zeigt, wie pers\u00f6nliche Begegnungen Innovationen vorantreiben.\",\"breadcrumb\":{\"@id\":\"https:\/\/www.jauch.com\/blog\/internationaler-messe-herbst-bei-jauch\/#breadcrumb\"},\"inLanguage\":\"de\",\"potentialAction\":[{\"@type\":\"ReadAction\",\"target\":[\"https:\/\/www.jauch.com\/blog\/internationaler-messe-herbst-bei-jauch\/\"]}]},{\"@type\":\"ImageObject\",\"inLanguage\":\"de\",\"@id\":\"https:\/\/www.jauch.com\/blog\/internationaler-messe-herbst-bei-jauch\/#primaryimage\",\"url\":\"https:\/\/www.jauch.com\/blog\/wp-content\/uploads\/2018\/10\/Trade-Fairs_autumn-2018.jpg\",\"contentUrl\":\"https:\/\/www.jauch.com\/blog\/wp-content\/uploads\/2018\/10\/Trade-Fairs_autumn-2018.jpg\",\"width\":1920,\"height\":1000,\"caption\":\"Jauch Trade Fairs Autumn 2018\"},{\"@type\":\"BreadcrumbList\",\"@id\":\"https:\/\/www.jauch.com\/blog\/internationaler-messe-herbst-bei-jauch\/#breadcrumb\",\"itemListElement\":[{\"@type\":\"ListItem\",\"position\":1,\"name\":\"Startseite\",\"item\":\"https:\/\/www.jauch.com\/blog\/en\/\"},{\"@type\":\"ListItem\",\"position\":2,\"name\":\"Internationaler Messe-Herbst bei Jauch\"}]},{\"@type\":\"WebSite\",\"@id\":\"https:\/\/www.jauch.com\/blog\/#website\",\"url\":\"https:\/\/www.jauch.com\/blog\/\",\"name\":\"Jauch Blog\",\"description\":\"\",\"publisher\":{\"@id\":\"https:\/\/www.jauch.com\/blog\/#organization\"},\"potentialAction\":[{\"@type\":\"SearchAction\",\"target\":{\"@type\":\"EntryPoint\",\"urlTemplate\":\"https:\/\/www.jauch.com\/blog\/?s={search_term_string}\"},\"query-input\":\"required name=search_term_string\"}],\"inLanguage\":\"de\"},{\"@type\":\"Organization\",\"@id\":\"https:\/\/www.jauch.com\/blog\/#organization\",\"name\":\"Jauch Quartz\",\"url\":\"https:\/\/www.jauch.com\/blog\/\",\"logo\":{\"@type\":\"ImageObject\",\"inLanguage\":\"de\",\"@id\":\"https:\/\/www.jauch.com\/blog\/#\/schema\/logo\/image\/\",\"url\":\"https:\/\/www.jauch.com\/blog\/wp-content\/uploads\/2020\/05\/Jauch-Quartz-GmbH-Logo_Quadrat.jpg\",\"contentUrl\":\"https:\/\/www.jauch.com\/blog\/wp-content\/uploads\/2020\/05\/Jauch-Quartz-GmbH-Logo_Quadrat.jpg\",\"width\":1624,\"height\":1623,\"caption\":\"Jauch Quartz\"},\"image\":{\"@id\":\"https:\/\/www.jauch.com\/blog\/#\/schema\/logo\/image\/\"},\"sameAs\":[\"https:\/\/www.facebook.com\/jauch.com.de\/\",\"https:\/\/x.com\/jauch_de\"]},{\"@type\":\"Person\",\"@id\":\"https:\/\/www.jauch.com\/blog\/#\/schema\/person\/5dbf54d87b83fcdb2b80eba606076e52\",\"name\":\"Tabea Fischerkeller\",\"image\":{\"@type\":\"ImageObject\",\"inLanguage\":\"de\",\"@id\":\"https:\/\/www.jauch.com\/blog\/#\/schema\/person\/image\/\",\"url\":\"https:\/\/secure.gravatar.com\/avatar\/0c0a2f3304d47a4e790568649f0376ea?s=96&d=blank&r=g\",\"contentUrl\":\"https:\/\/secure.gravatar.com\/avatar\/0c0a2f3304d47a4e790568649f0376ea?s=96&d=blank&r=g\",\"caption\":\"Tabea Fischerkeller\"},\"description\":\"Marketing + PR manager at our company headquarters in Villingen-Schwenningen \u2013 a keen all-round talent who doesn\u2019t let anything throw her off and pays close attention to detail.\"}]}<\/script>\n<!-- \/ Yoast SEO plugin. -->","yoast_head_json":{"title":"Internationaler Messe-Herbst bei Jauch &#8211; Jauch Blog-Seite","description":"Ob in Europa, Asien oder den USA \u2013 Jauch ist im Messe-Herbst weltweit pr\u00e4sent. Der Artikel gibt Einblicke in die wichtigsten Branchenevents und zeigt, wie pers\u00f6nliche Begegnungen Innovationen vorantreiben.","robots":{"index":"index","follow":"follow","max-snippet":"max-snippet:-1","max-image-preview":"max-image-preview:large","max-video-preview":"max-video-preview:-1"},"canonical":"https:\/\/www.jauch.com\/blog\/internationaler-messe-herbst-bei-jauch\/","og_locale":"de_DE","og_type":"article","og_title":"Internationaler Messe-Herbst bei Jauch &#8211; Jauch Blog-Seite","og_description":"Ob in Europa, Asien oder den USA \u2013 Jauch ist im Messe-Herbst weltweit pr\u00e4sent. Der Artikel gibt Einblicke in die wichtigsten Branchenevents und zeigt, wie pers\u00f6nliche Begegnungen Innovationen vorantreiben.","og_url":"https:\/\/www.jauch.com\/blog\/internationaler-messe-herbst-bei-jauch\/","og_site_name":"Jauch Blog-Seite","article_publisher":"https:\/\/www.facebook.com\/jauch.com.de\/","article_published_time":"2018-10-18T15:14:31+00:00","article_modified_time":"2025-05-15T06:09:28+00:00","og_image":[{"width":1920,"height":1000,"url":"https:\/\/www.jauch.com\/blog\/wp-content\/uploads\/2018\/10\/Trade-Fairs_autumn-2018.jpg","type":"image\/jpeg"}],"author":"Tabea Fischerkeller","twitter_card":"summary_large_image","twitter_creator":"@jauch_de","twitter_site":"@jauch_de","twitter_misc":{"Verfasst von":"Tabea Fischerkeller","Gesch\u00e4tzte Lesezeit":"3\u00a0Minuten"},"schema":{"@context":"https:\/\/schema.org","@graph":[{"@type":"Article","@id":"https:\/\/www.jauch.com\/blog\/internationaler-messe-herbst-bei-jauch\/#article","isPartOf":{"@id":"https:\/\/www.jauch.com\/blog\/internationaler-messe-herbst-bei-jauch\/"},"author":{"name":"Tabea Fischerkeller","@id":"https:\/\/www.jauch.com\/blog\/#\/schema\/person\/5dbf54d87b83fcdb2b80eba606076e52"},"headline":"Internationaler Messe-Herbst bei Jauch","datePublished":"2018-10-18T15:14:31+00:00","dateModified":"2025-05-15T06:09:28+00:00","mainEntityOfPage":{"@id":"https:\/\/www.jauch.com\/blog\/internationaler-messe-herbst-bei-jauch\/"},"wordCount":408,"commentCount":0,"publisher":{"@id":"https:\/\/www.jauch.com\/blog\/#organization"},"image":{"@id":"https:\/\/www.jauch.com\/blog\/internationaler-messe-herbst-bei-jauch\/#primaryimage"},"thumbnailUrl":"https:\/\/www.jauch.com\/blog\/wp-content\/uploads\/2018\/10\/Trade-Fairs_autumn-2018.jpg","keywords":["Batterien","Electronica","Fachmesse","Frequenz","frequenzgebende Bauteile"],"articleSection":["Unternehmen"],"inLanguage":"de","potentialAction":[{"@type":"CommentAction","name":"Comment","target":["https:\/\/www.jauch.com\/blog\/internationaler-messe-herbst-bei-jauch\/#respond"]}]},{"@type":"WebPage","@id":"https:\/\/www.jauch.com\/blog\/internationaler-messe-herbst-bei-jauch\/","url":"https:\/\/www.jauch.com\/blog\/internationaler-messe-herbst-bei-jauch\/","name":"Internationaler Messe-Herbst bei Jauch &#8211; Jauch Blog-Seite","isPartOf":{"@id":"https:\/\/www.jauch.com\/blog\/#website"},"primaryImageOfPage":{"@id":"https:\/\/www.jauch.com\/blog\/internationaler-messe-herbst-bei-jauch\/#primaryimage"},"image":{"@id":"https:\/\/www.jauch.com\/blog\/internationaler-messe-herbst-bei-jauch\/#primaryimage"},"thumbnailUrl":"https:\/\/www.jauch.com\/blog\/wp-content\/uploads\/2018\/10\/Trade-Fairs_autumn-2018.jpg","datePublished":"2018-10-18T15:14:31+00:00","dateModified":"2025-05-15T06:09:28+00:00","description":"Ob in Europa, Asien oder den USA \u2013 Jauch ist im Messe-Herbst weltweit pr\u00e4sent. Der Artikel gibt Einblicke in die wichtigsten Branchenevents und zeigt, wie pers\u00f6nliche Begegnungen Innovationen vorantreiben.","breadcrumb":{"@id":"https:\/\/www.jauch.com\/blog\/internationaler-messe-herbst-bei-jauch\/#breadcrumb"},"inLanguage":"de","potentialAction":[{"@type":"ReadAction","target":["https:\/\/www.jauch.com\/blog\/internationaler-messe-herbst-bei-jauch\/"]}]},{"@type":"ImageObject","inLanguage":"de","@id":"https:\/\/www.jauch.com\/blog\/internationaler-messe-herbst-bei-jauch\/#primaryimage","url":"https:\/\/www.jauch.com\/blog\/wp-content\/uploads\/2018\/10\/Trade-Fairs_autumn-2018.jpg","contentUrl":"https:\/\/www.jauch.com\/blog\/wp-content\/uploads\/2018\/10\/Trade-Fairs_autumn-2018.jpg","width":1920,"height":1000,"caption":"Jauch Trade Fairs Autumn 2018"},{"@type":"BreadcrumbList","@id":"https:\/\/www.jauch.com\/blog\/internationaler-messe-herbst-bei-jauch\/#breadcrumb","itemListElement":[{"@type":"ListItem","position":1,"name":"Startseite","item":"https:\/\/www.jauch.com\/blog\/en\/"},{"@type":"ListItem","position":2,"name":"Internationaler Messe-Herbst bei Jauch"}]},{"@type":"WebSite","@id":"https:\/\/www.jauch.com\/blog\/#website","url":"https:\/\/www.jauch.com\/blog\/","name":"Jauch Blog","description":"","publisher":{"@id":"https:\/\/www.jauch.com\/blog\/#organization"},"potentialAction":[{"@type":"SearchAction","target":{"@type":"EntryPoint","urlTemplate":"https:\/\/www.jauch.com\/blog\/?s={search_term_string}"},"query-input":"required name=search_term_string"}],"inLanguage":"de"},{"@type":"Organization","@id":"https:\/\/www.jauch.com\/blog\/#organization","name":"Jauch Quartz","url":"https:\/\/www.jauch.com\/blog\/","logo":{"@type":"ImageObject","inLanguage":"de","@id":"https:\/\/www.jauch.com\/blog\/#\/schema\/logo\/image\/","url":"https:\/\/www.jauch.com\/blog\/wp-content\/uploads\/2020\/05\/Jauch-Quartz-GmbH-Logo_Quadrat.jpg","contentUrl":"https:\/\/www.jauch.com\/blog\/wp-content\/uploads\/2020\/05\/Jauch-Quartz-GmbH-Logo_Quadrat.jpg","width":1624,"height":1623,"caption":"Jauch Quartz"},"image":{"@id":"https:\/\/www.jauch.com\/blog\/#\/schema\/logo\/image\/"},"sameAs":["https:\/\/www.facebook.com\/jauch.com.de\/","https:\/\/x.com\/jauch_de"]},{"@type":"Person","@id":"https:\/\/www.jauch.com\/blog\/#\/schema\/person\/5dbf54d87b83fcdb2b80eba606076e52","name":"Tabea Fischerkeller","image":{"@type":"ImageObject","inLanguage":"de","@id":"https:\/\/www.jauch.com\/blog\/#\/schema\/person\/image\/","url":"https:\/\/secure.gravatar.com\/avatar\/0c0a2f3304d47a4e790568649f0376ea?s=96&d=blank&r=g","contentUrl":"https:\/\/secure.gravatar.com\/avatar\/0c0a2f3304d47a4e790568649f0376ea?s=96&d=blank&r=g","caption":"Tabea Fischerkeller"},"description":"Marketing + PR manager at our company headquarters in Villingen-Schwenningen \u2013 a keen all-round talent who doesn\u2019t let anything throw her off and pays close attention to detail."}]}},"_links":{"self":[{"href":"https:\/\/www.jauch.com\/blog\/wp-json\/wp\/v2\/posts\/491"}],"collection":[{"href":"https:\/\/www.jauch.com\/blog\/wp-json\/wp\/v2\/posts"}],"about":[{"href":"https:\/\/www.jauch.com\/blog\/wp-json\/wp\/v2\/types\/post"}],"author":[{"embeddable":true,"href":"https:\/\/www.jauch.com\/blog\/wp-json\/wp\/v2\/users\/3"}],"replies":[{"embeddable":true,"href":"https:\/\/www.jauch.com\/blog\/wp-json\/wp\/v2\/comments?post=491"}],"version-history":[{"count":3,"href":"https:\/\/www.jauch.com\/blog\/wp-json\/wp\/v2\/posts\/491\/revisions"}],"predecessor-version":[{"id":1026,"href":"https:\/\/www.jauch.com\/blog\/wp-json\/wp\/v2\/posts\/491\/revisions\/1026"}],"wp:featuredmedia":[{"embeddable":true,"href":"https:\/\/www.jauch.com\/blog\/wp-json\/wp\/v2\/media\/492"}],"wp:attachment":[{"href":"https:\/\/www.jauch.com\/blog\/wp-json\/wp\/v2\/media?parent=491"}],"wp:term":[{"taxonomy":"category","embeddable":true,"href":"https:\/\/www.jauch.com\/blog\/wp-json\/wp\/v2\/categories?post=491"},{"taxonomy":"post_tag","embeddable":true,"href":"https:\/\/www.jauch.com\/blog\/wp-json\/wp\/v2\/tags?post=491"}],"curies":[{"name":"wp","href":"https:\/\/api.w.org\/{rel}","templated":true}]}}