{"id":3037,"date":"2024-07-24T11:26:19","date_gmt":"2024-07-24T09:26:19","guid":{"rendered":"https:\/\/www.jauch.com\/blog\/?p=3037"},"modified":"2025-03-19T11:15:19","modified_gmt":"2025-03-19T10:15:19","slug":"heiss-heisser-akku-probleme-so-schuetzen-sie-ihre-batteriebetriebenen-geraete-im-sommer","status":"publish","type":"post","link":"https:\/\/www.jauch.com\/blog\/heiss-heisser-akku-probleme-so-schuetzen-sie-ihre-batteriebetriebenen-geraete-im-sommer\/","title":{"rendered":"Hei\u00df, hei\u00dfer, Akku-Probleme? So sch\u00fctzen Sie Ihre batteriebetriebenen Ger\u00e4te im Sommer"},"content":{"rendered":"<div class=\"wp-block-image\">\n<figure class=\"aligncenter size-large\"><img loading=\"lazy\" decoding=\"async\" width=\"1024\" height=\"584\" src=\"https:\/\/www.jauch.com\/blog\/wp-content\/uploads\/2024\/07\/Batterie-Sommer_Jauch-Sceenshots-1024x584.jpg\" alt=\"\" class=\"wp-image-3038\" srcset=\"https:\/\/www.jauch.com\/blog\/wp-content\/uploads\/2024\/07\/Batterie-Sommer_Jauch-Sceenshots-1024x584.jpg 1024w, https:\/\/www.jauch.com\/blog\/wp-content\/uploads\/2024\/07\/Batterie-Sommer_Jauch-Sceenshots-300x171.jpg 300w, https:\/\/www.jauch.com\/blog\/wp-content\/uploads\/2024\/07\/Batterie-Sommer_Jauch-Sceenshots-768x438.jpg 768w, https:\/\/www.jauch.com\/blog\/wp-content\/uploads\/2024\/07\/Batterie-Sommer_Jauch-Sceenshots-1536x876.jpg 1536w, https:\/\/www.jauch.com\/blog\/wp-content\/uploads\/2024\/07\/Batterie-Sommer_Jauch-Sceenshots-2048x1168.jpg 2048w, https:\/\/www.jauch.com\/blog\/wp-content\/uploads\/2024\/07\/Batterie-Sommer_Jauch-Sceenshots-280x160.jpg 280w, https:\/\/www.jauch.com\/blog\/wp-content\/uploads\/2024\/07\/Batterie-Sommer_Jauch-Sceenshots-1860x1061.jpg 1860w\" sizes=\"(max-width: 1024px) 100vw, 1024px\" \/><\/figure><\/div>\n\n\n<p><\/p>\n\n\n\n<p><\/p>\n\n\n\n<p>Jetzt kommt der Sommer auch in Deutschland langsam in Fahrt und wir freuen uns alle auf die hohen Temperaturen. Aber haben Sie sich schon einmal \u00fcberlegt, was das f\u00fcr Ihr batteriebetriebenes Ger\u00e4t bedeutet? Die Hitze hat n\u00e4mlich einen erheblichen Einfluss auf die Leistung und Lebensdauer von <a href=\"https:\/\/www.jauch.com\/de-INT\/produkte\/batterie_technologie\/getPrm\/batteries\/\" target=\"_blank\" rel=\"noreferrer noopener\">Batterien<\/a> in tragbaren Ger\u00e4ten wie Smartphones, Laptops und Kameras. In diesem Beitrag kl\u00e4ren wir zwei wichtige Fragen:<\/p>\n\n\n\n<ol start=\"1\">\n<li><strong>Wie wirkt sich die Sommerhitze auf die Leistung von Batterien in tragbaren Ger\u00e4ten aus?<\/strong><\/li>\n<\/ol>\n\n\n\n<p>W\u00e4rme ist grunds\u00e4tzlich schlecht f\u00fcr Batteriezellen. Es gilt die allgemeine naturwissenschaftliche Regel, dass sich chemische Reaktionen bei einem Temperaturanstieg um 10\u00b0C verdoppeln. Das bedeutet, dass Ihre Ger\u00e4te bei hohen Temperaturen viel schneller altern. Gerade schwarze Smartphones und Tablets k\u00f6nnen bei direkter Sonneneinstrahlung, etwa hinter einem Fenster, sehr hei\u00df werden. Moderne Lithium-Ionen-Batterien sind bis zu einer Temperatur von 60\u00b0C spezifiziert, doch diese Grenze kann bei starker Hitze leicht \u00fcberschritten werden. Kurzzeitige \u00dcberhitzungen stellen zwar meist kein Sicherheitsrisiko dar. Dies sollte aber dennoch vermieden werden, da dadurch die Alterungsprozesse der Batterie deutlich beschleunigen.<\/p>\n\n\n\n<p>Durch die Hitze steigt der Druck in den Batteriezellen, was schlimmstenfalls zu einem vollst\u00e4ndigen Ausfall f\u00fchren kann. Zudem \u00fcberwachen die Ger\u00e4te die Batterietemperatur und reduzieren zuerst die Displayhelligkeit, bevor sie sich im Extremfall selbst abschalten. Beim Laden gelten noch strengere Temperaturgrenzen: Wiederaufladbare Lithium-Batterien d\u00fcrfen nur bis 45\u00b0C geladen werden, andernfalls schaltet das Ladeger\u00e4t aus Sicherheitsgr\u00fcnden ab.<\/p>\n\n\n\n<ol start=\"2\">\n<li><strong>Gibt es M\u00f6glichkeiten, meine Batterie bei hohen Temperaturen aktiv zu k\u00fchlen?<\/strong><\/li>\n<\/ol>\n\n\n\n<p>Aktives K\u00fchlen Ihrer Ger\u00e4te ist keine gute Idee, da dies durch Kondensation zu Sch\u00e4den f\u00fchren kann. Es gibt jedoch einige einfache Ma\u00dfnahmen, die Sie ergreifen k\u00f6nnen, um Ihre Ger\u00e4te vor \u00dcberhitzung zu sch\u00fctzen:<\/p>\n\n\n\n<ul>\n<li><strong>Vermeiden Sie direkte Sonneneinstrahlung:<\/strong> Lassen Sie Ihre Ger\u00e4te nicht in der prallen Sonne liegen, insbesondere nicht hinter Fenstern oder in Autos.<\/li>\n\n\n\n<li><strong>Reduzieren Sie die Nutzung:<\/strong> Weniger intensive Nutzung reduziert die W\u00e4rmeentwicklung. Schlie\u00dfen Sie unn\u00f6tige Hintergrundanwendungen und nutzen Sie den Energiesparmodus.<\/li>\n\n\n\n<li><strong>Displayhelligkeit verringern:<\/strong> Reduzieren Sie die Helligkeit des Displays, um die interne Erw\u00e4rmung zu minimieren.<\/li>\n\n\n\n<li><strong>Geeignete H\u00fcllen verwenden:<\/strong> Verwenden Sie gute Taschen f\u00fcr Ihre Ger\u00e4te, die einen gewissen Schutz vor Hitze bieten, insbesondere f\u00fcr Kameras.<\/li>\n\n\n\n<li><strong>K\u00f6rperkontakt vermeiden:<\/strong> Tragen Sie Ihre Ger\u00e4te nicht in der Hosentasche, da der K\u00f6rper zus\u00e4tzliche W\u00e4rme abgibt.<\/li>\n<\/ul>\n\n\n\n<p>Zusammengefasst l\u00e4sst sich sagen, dass ein bewusster Umgang mit Ihren tragbaren Ger\u00e4ten im Sommer deren Lebensdauer erheblich verl\u00e4ngern kann. Vermeiden Sie \u00dcberhitzung durch direkte Sonneneinstrahlung und intensive Nutzung, und setzen Sie auf effiziente Lade- und Nutzungsgewohnheiten. Mit diesen Tipps bleiben Ihre batteriebetriebenen Ger\u00e4te auch bei sommerlichen Temperaturen fit und leistungsf\u00e4hig. Genie\u00dfen Sie den Sommer und sorgen Sie gleichzeitig daf\u00fcr, dass Ihre Technik optimal gesch\u00fctzt ist!<\/p>\n","protected":false},"excerpt":{"rendered":"<p>Jetzt kommt der Sommer auch in Deutschland langsam in Fahrt und wir freuen uns alle auf die hohen Temperaturen. Aber haben Sie sich schon einmal \u00fcberlegt, was das f\u00fcr Ihr batteriebetriebenes Ger\u00e4t bedeutet? Die Hitze hat n\u00e4mlich einen erheblichen Einfluss auf die Leistung und Lebensdauer von Batterien in tragbaren Ger\u00e4ten wie Smartphones, Laptops und Kameras.<\/p>\n","protected":false},"author":2,"featured_media":0,"comment_status":"closed","ping_status":"closed","sticky":false,"template":"","format":"standard","meta":{"footnotes":""},"categories":[3],"tags":[],"yoast_head":"<!-- This site is optimized with the Yoast SEO plugin v23.0 - https:\/\/yoast.com\/wordpress\/plugins\/seo\/ -->\n<title>Sommerhitze_Batterie<\/title>\n<meta name=\"description\" content=\"Hitze hat einen erheblichen Einfluss auf die Leistung und Lebensdauer von Batterien in tragbaren Ger\u00e4ten wie Smartphones, Laptops und Kameras. Was gilt es zu beachten?\" \/>\n<meta name=\"robots\" content=\"index, follow, max-snippet:-1, max-image-preview:large, max-video-preview:-1\" \/>\n<link rel=\"canonical\" href=\"https:\/\/www.jauch.com\/blog\/heiss-heisser-akku-probleme-so-schuetzen-sie-ihre-batteriebetriebenen-geraete-im-sommer\/\" \/>\n<meta property=\"og:locale\" content=\"de_DE\" \/>\n<meta property=\"og:type\" content=\"article\" \/>\n<meta property=\"og:title\" content=\"Sommerhitze_Batterie\" \/>\n<meta property=\"og:description\" content=\"Hitze hat einen erheblichen Einfluss auf die Leistung und Lebensdauer von Batterien in tragbaren Ger\u00e4ten wie Smartphones, Laptops und Kameras. Was gilt es zu beachten?\" \/>\n<meta property=\"og:url\" content=\"https:\/\/www.jauch.com\/blog\/heiss-heisser-akku-probleme-so-schuetzen-sie-ihre-batteriebetriebenen-geraete-im-sommer\/\" \/>\n<meta property=\"og:site_name\" content=\"Jauch Blog-Seite\" \/>\n<meta property=\"article:publisher\" content=\"https:\/\/www.facebook.com\/jauch.com.de\/\" \/>\n<meta property=\"article:published_time\" content=\"2024-07-24T09:26:19+00:00\" \/>\n<meta property=\"article:modified_time\" content=\"2025-03-19T10:15:19+00:00\" \/>\n<meta property=\"og:image\" content=\"https:\/\/www.jauch.com\/blog\/wp-content\/uploads\/2024\/07\/Batterie-Sommer_Jauch-Sceenshots-1024x584.jpg\" \/>\n<meta name=\"author\" content=\"Patricia Schifferdecker\" \/>\n<meta name=\"twitter:card\" content=\"summary_large_image\" \/>\n<meta name=\"twitter:creator\" content=\"@jauch_de\" \/>\n<meta name=\"twitter:site\" content=\"@jauch_de\" \/>\n<meta name=\"twitter:label1\" content=\"Verfasst von\" \/>\n\t<meta name=\"twitter:data1\" content=\"Patricia Schifferdecker\" \/>\n\t<meta name=\"twitter:label2\" content=\"Gesch\u00e4tzte Lesezeit\" \/>\n\t<meta name=\"twitter:data2\" content=\"3\u00a0Minuten\" \/>\n<script type=\"application\/ld+json\" class=\"yoast-schema-graph\">{\"@context\":\"https:\/\/schema.org\",\"@graph\":[{\"@type\":\"Article\",\"@id\":\"https:\/\/www.jauch.com\/blog\/heiss-heisser-akku-probleme-so-schuetzen-sie-ihre-batteriebetriebenen-geraete-im-sommer\/#article\",\"isPartOf\":{\"@id\":\"https:\/\/www.jauch.com\/blog\/heiss-heisser-akku-probleme-so-schuetzen-sie-ihre-batteriebetriebenen-geraete-im-sommer\/\"},\"author\":{\"name\":\"Patricia Schifferdecker\",\"@id\":\"https:\/\/www.jauch.com\/blog\/#\/schema\/person\/2488dc053bdd8fc9c9451a4766652df2\"},\"headline\":\"Hei\u00df, hei\u00dfer, Akku-Probleme? So sch\u00fctzen Sie Ihre batteriebetriebenen Ger\u00e4te im Sommer\",\"datePublished\":\"2024-07-24T09:26:19+00:00\",\"dateModified\":\"2025-03-19T10:15:19+00:00\",\"mainEntityOfPage\":{\"@id\":\"https:\/\/www.jauch.com\/blog\/heiss-heisser-akku-probleme-so-schuetzen-sie-ihre-batteriebetriebenen-geraete-im-sommer\/\"},\"wordCount\":486,\"publisher\":{\"@id\":\"https:\/\/www.jauch.com\/blog\/#organization\"},\"image\":{\"@id\":\"https:\/\/www.jauch.com\/blog\/heiss-heisser-akku-probleme-so-schuetzen-sie-ihre-batteriebetriebenen-geraete-im-sommer\/#primaryimage\"},\"thumbnailUrl\":\"https:\/\/www.jauch.com\/blog\/wp-content\/uploads\/2024\/07\/Batterie-Sommer_Jauch-Sceenshots-1024x584.jpg\",\"articleSection\":[\"Batterie-Technologie\"],\"inLanguage\":\"de\"},{\"@type\":\"WebPage\",\"@id\":\"https:\/\/www.jauch.com\/blog\/heiss-heisser-akku-probleme-so-schuetzen-sie-ihre-batteriebetriebenen-geraete-im-sommer\/\",\"url\":\"https:\/\/www.jauch.com\/blog\/heiss-heisser-akku-probleme-so-schuetzen-sie-ihre-batteriebetriebenen-geraete-im-sommer\/\",\"name\":\"Sommerhitze_Batterie\",\"isPartOf\":{\"@id\":\"https:\/\/www.jauch.com\/blog\/#website\"},\"primaryImageOfPage\":{\"@id\":\"https:\/\/www.jauch.com\/blog\/heiss-heisser-akku-probleme-so-schuetzen-sie-ihre-batteriebetriebenen-geraete-im-sommer\/#primaryimage\"},\"image\":{\"@id\":\"https:\/\/www.jauch.com\/blog\/heiss-heisser-akku-probleme-so-schuetzen-sie-ihre-batteriebetriebenen-geraete-im-sommer\/#primaryimage\"},\"thumbnailUrl\":\"https:\/\/www.jauch.com\/blog\/wp-content\/uploads\/2024\/07\/Batterie-Sommer_Jauch-Sceenshots-1024x584.jpg\",\"datePublished\":\"2024-07-24T09:26:19+00:00\",\"dateModified\":\"2025-03-19T10:15:19+00:00\",\"description\":\"Hitze hat einen erheblichen Einfluss auf die Leistung und Lebensdauer von Batterien in tragbaren Ger\u00e4ten wie Smartphones, Laptops und Kameras. Was gilt es zu beachten?\",\"breadcrumb\":{\"@id\":\"https:\/\/www.jauch.com\/blog\/heiss-heisser-akku-probleme-so-schuetzen-sie-ihre-batteriebetriebenen-geraete-im-sommer\/#breadcrumb\"},\"inLanguage\":\"de\",\"potentialAction\":[{\"@type\":\"ReadAction\",\"target\":[\"https:\/\/www.jauch.com\/blog\/heiss-heisser-akku-probleme-so-schuetzen-sie-ihre-batteriebetriebenen-geraete-im-sommer\/\"]}]},{\"@type\":\"ImageObject\",\"inLanguage\":\"de\",\"@id\":\"https:\/\/www.jauch.com\/blog\/heiss-heisser-akku-probleme-so-schuetzen-sie-ihre-batteriebetriebenen-geraete-im-sommer\/#primaryimage\",\"url\":\"https:\/\/www.jauch.com\/blog\/wp-content\/uploads\/2024\/07\/Batterie-Sommer_Jauch-Sceenshots.jpg\",\"contentUrl\":\"https:\/\/www.jauch.com\/blog\/wp-content\/uploads\/2024\/07\/Batterie-Sommer_Jauch-Sceenshots.jpg\",\"width\":2500,\"height\":1426},{\"@type\":\"BreadcrumbList\",\"@id\":\"https:\/\/www.jauch.com\/blog\/heiss-heisser-akku-probleme-so-schuetzen-sie-ihre-batteriebetriebenen-geraete-im-sommer\/#breadcrumb\",\"itemListElement\":[{\"@type\":\"ListItem\",\"position\":1,\"name\":\"Startseite\",\"item\":\"https:\/\/www.jauch.com\/blog\/en\/\"},{\"@type\":\"ListItem\",\"position\":2,\"name\":\"Hei\u00df, hei\u00dfer, Akku-Probleme? So sch\u00fctzen Sie Ihre batteriebetriebenen Ger\u00e4te im Sommer\"}]},{\"@type\":\"WebSite\",\"@id\":\"https:\/\/www.jauch.com\/blog\/#website\",\"url\":\"https:\/\/www.jauch.com\/blog\/\",\"name\":\"Jauch Blog\",\"description\":\"\",\"publisher\":{\"@id\":\"https:\/\/www.jauch.com\/blog\/#organization\"},\"potentialAction\":[{\"@type\":\"SearchAction\",\"target\":{\"@type\":\"EntryPoint\",\"urlTemplate\":\"https:\/\/www.jauch.com\/blog\/?s={search_term_string}\"},\"query-input\":\"required name=search_term_string\"}],\"inLanguage\":\"de\"},{\"@type\":\"Organization\",\"@id\":\"https:\/\/www.jauch.com\/blog\/#organization\",\"name\":\"Jauch Quartz\",\"url\":\"https:\/\/www.jauch.com\/blog\/\",\"logo\":{\"@type\":\"ImageObject\",\"inLanguage\":\"de\",\"@id\":\"https:\/\/www.jauch.com\/blog\/#\/schema\/logo\/image\/\",\"url\":\"https:\/\/www.jauch.com\/blog\/wp-content\/uploads\/2020\/05\/Jauch-Quartz-GmbH-Logo_Quadrat.jpg\",\"contentUrl\":\"https:\/\/www.jauch.com\/blog\/wp-content\/uploads\/2020\/05\/Jauch-Quartz-GmbH-Logo_Quadrat.jpg\",\"width\":1624,\"height\":1623,\"caption\":\"Jauch Quartz\"},\"image\":{\"@id\":\"https:\/\/www.jauch.com\/blog\/#\/schema\/logo\/image\/\"},\"sameAs\":[\"https:\/\/www.facebook.com\/jauch.com.de\/\",\"https:\/\/x.com\/jauch_de\"]},{\"@type\":\"Person\",\"@id\":\"https:\/\/www.jauch.com\/blog\/#\/schema\/person\/2488dc053bdd8fc9c9451a4766652df2\",\"name\":\"Patricia Schifferdecker\",\"image\":{\"@type\":\"ImageObject\",\"inLanguage\":\"de\",\"@id\":\"https:\/\/www.jauch.com\/blog\/#\/schema\/person\/image\/\",\"url\":\"https:\/\/www.jauch.com\/blog\/wp-content\/uploads\/2024\/07\/PSC_2-96x96.jpg\",\"contentUrl\":\"https:\/\/www.jauch.com\/blog\/wp-content\/uploads\/2024\/07\/PSC_2-96x96.jpg\",\"caption\":\"Patricia Schifferdecker\"},\"description\":\"Marketing manager at our company headquarters in Villingen-Schwenningen with unbridled enthusiasm for people, marketing, press and horses\"}]}<\/script>\n<!-- \/ Yoast SEO plugin. -->","yoast_head_json":{"title":"Sommerhitze_Batterie","description":"Hitze hat einen erheblichen Einfluss auf die Leistung und Lebensdauer von Batterien in tragbaren Ger\u00e4ten wie Smartphones, Laptops und Kameras. Was gilt es zu beachten?","robots":{"index":"index","follow":"follow","max-snippet":"max-snippet:-1","max-image-preview":"max-image-preview:large","max-video-preview":"max-video-preview:-1"},"canonical":"https:\/\/www.jauch.com\/blog\/heiss-heisser-akku-probleme-so-schuetzen-sie-ihre-batteriebetriebenen-geraete-im-sommer\/","og_locale":"de_DE","og_type":"article","og_title":"Sommerhitze_Batterie","og_description":"Hitze hat einen erheblichen Einfluss auf die Leistung und Lebensdauer von Batterien in tragbaren Ger\u00e4ten wie Smartphones, Laptops und Kameras. Was gilt es zu beachten?","og_url":"https:\/\/www.jauch.com\/blog\/heiss-heisser-akku-probleme-so-schuetzen-sie-ihre-batteriebetriebenen-geraete-im-sommer\/","og_site_name":"Jauch Blog-Seite","article_publisher":"https:\/\/www.facebook.com\/jauch.com.de\/","article_published_time":"2024-07-24T09:26:19+00:00","article_modified_time":"2025-03-19T10:15:19+00:00","og_image":[{"url":"https:\/\/www.jauch.com\/blog\/wp-content\/uploads\/2024\/07\/Batterie-Sommer_Jauch-Sceenshots-1024x584.jpg"}],"author":"Patricia Schifferdecker","twitter_card":"summary_large_image","twitter_creator":"@jauch_de","twitter_site":"@jauch_de","twitter_misc":{"Verfasst von":"Patricia Schifferdecker","Gesch\u00e4tzte Lesezeit":"3\u00a0Minuten"},"schema":{"@context":"https:\/\/schema.org","@graph":[{"@type":"Article","@id":"https:\/\/www.jauch.com\/blog\/heiss-heisser-akku-probleme-so-schuetzen-sie-ihre-batteriebetriebenen-geraete-im-sommer\/#article","isPartOf":{"@id":"https:\/\/www.jauch.com\/blog\/heiss-heisser-akku-probleme-so-schuetzen-sie-ihre-batteriebetriebenen-geraete-im-sommer\/"},"author":{"name":"Patricia Schifferdecker","@id":"https:\/\/www.jauch.com\/blog\/#\/schema\/person\/2488dc053bdd8fc9c9451a4766652df2"},"headline":"Hei\u00df, hei\u00dfer, Akku-Probleme? So sch\u00fctzen Sie Ihre batteriebetriebenen Ger\u00e4te im Sommer","datePublished":"2024-07-24T09:26:19+00:00","dateModified":"2025-03-19T10:15:19+00:00","mainEntityOfPage":{"@id":"https:\/\/www.jauch.com\/blog\/heiss-heisser-akku-probleme-so-schuetzen-sie-ihre-batteriebetriebenen-geraete-im-sommer\/"},"wordCount":486,"publisher":{"@id":"https:\/\/www.jauch.com\/blog\/#organization"},"image":{"@id":"https:\/\/www.jauch.com\/blog\/heiss-heisser-akku-probleme-so-schuetzen-sie-ihre-batteriebetriebenen-geraete-im-sommer\/#primaryimage"},"thumbnailUrl":"https:\/\/www.jauch.com\/blog\/wp-content\/uploads\/2024\/07\/Batterie-Sommer_Jauch-Sceenshots-1024x584.jpg","articleSection":["Batterie-Technologie"],"inLanguage":"de"},{"@type":"WebPage","@id":"https:\/\/www.jauch.com\/blog\/heiss-heisser-akku-probleme-so-schuetzen-sie-ihre-batteriebetriebenen-geraete-im-sommer\/","url":"https:\/\/www.jauch.com\/blog\/heiss-heisser-akku-probleme-so-schuetzen-sie-ihre-batteriebetriebenen-geraete-im-sommer\/","name":"Sommerhitze_Batterie","isPartOf":{"@id":"https:\/\/www.jauch.com\/blog\/#website"},"primaryImageOfPage":{"@id":"https:\/\/www.jauch.com\/blog\/heiss-heisser-akku-probleme-so-schuetzen-sie-ihre-batteriebetriebenen-geraete-im-sommer\/#primaryimage"},"image":{"@id":"https:\/\/www.jauch.com\/blog\/heiss-heisser-akku-probleme-so-schuetzen-sie-ihre-batteriebetriebenen-geraete-im-sommer\/#primaryimage"},"thumbnailUrl":"https:\/\/www.jauch.com\/blog\/wp-content\/uploads\/2024\/07\/Batterie-Sommer_Jauch-Sceenshots-1024x584.jpg","datePublished":"2024-07-24T09:26:19+00:00","dateModified":"2025-03-19T10:15:19+00:00","description":"Hitze hat einen erheblichen Einfluss auf die Leistung und Lebensdauer von Batterien in tragbaren Ger\u00e4ten wie Smartphones, Laptops und Kameras. Was gilt es zu beachten?","breadcrumb":{"@id":"https:\/\/www.jauch.com\/blog\/heiss-heisser-akku-probleme-so-schuetzen-sie-ihre-batteriebetriebenen-geraete-im-sommer\/#breadcrumb"},"inLanguage":"de","potentialAction":[{"@type":"ReadAction","target":["https:\/\/www.jauch.com\/blog\/heiss-heisser-akku-probleme-so-schuetzen-sie-ihre-batteriebetriebenen-geraete-im-sommer\/"]}]},{"@type":"ImageObject","inLanguage":"de","@id":"https:\/\/www.jauch.com\/blog\/heiss-heisser-akku-probleme-so-schuetzen-sie-ihre-batteriebetriebenen-geraete-im-sommer\/#primaryimage","url":"https:\/\/www.jauch.com\/blog\/wp-content\/uploads\/2024\/07\/Batterie-Sommer_Jauch-Sceenshots.jpg","contentUrl":"https:\/\/www.jauch.com\/blog\/wp-content\/uploads\/2024\/07\/Batterie-Sommer_Jauch-Sceenshots.jpg","width":2500,"height":1426},{"@type":"BreadcrumbList","@id":"https:\/\/www.jauch.com\/blog\/heiss-heisser-akku-probleme-so-schuetzen-sie-ihre-batteriebetriebenen-geraete-im-sommer\/#breadcrumb","itemListElement":[{"@type":"ListItem","position":1,"name":"Startseite","item":"https:\/\/www.jauch.com\/blog\/en\/"},{"@type":"ListItem","position":2,"name":"Hei\u00df, hei\u00dfer, Akku-Probleme? So sch\u00fctzen Sie Ihre batteriebetriebenen Ger\u00e4te im Sommer"}]},{"@type":"WebSite","@id":"https:\/\/www.jauch.com\/blog\/#website","url":"https:\/\/www.jauch.com\/blog\/","name":"Jauch Blog","description":"","publisher":{"@id":"https:\/\/www.jauch.com\/blog\/#organization"},"potentialAction":[{"@type":"SearchAction","target":{"@type":"EntryPoint","urlTemplate":"https:\/\/www.jauch.com\/blog\/?s={search_term_string}"},"query-input":"required name=search_term_string"}],"inLanguage":"de"},{"@type":"Organization","@id":"https:\/\/www.jauch.com\/blog\/#organization","name":"Jauch Quartz","url":"https:\/\/www.jauch.com\/blog\/","logo":{"@type":"ImageObject","inLanguage":"de","@id":"https:\/\/www.jauch.com\/blog\/#\/schema\/logo\/image\/","url":"https:\/\/www.jauch.com\/blog\/wp-content\/uploads\/2020\/05\/Jauch-Quartz-GmbH-Logo_Quadrat.jpg","contentUrl":"https:\/\/www.jauch.com\/blog\/wp-content\/uploads\/2020\/05\/Jauch-Quartz-GmbH-Logo_Quadrat.jpg","width":1624,"height":1623,"caption":"Jauch Quartz"},"image":{"@id":"https:\/\/www.jauch.com\/blog\/#\/schema\/logo\/image\/"},"sameAs":["https:\/\/www.facebook.com\/jauch.com.de\/","https:\/\/x.com\/jauch_de"]},{"@type":"Person","@id":"https:\/\/www.jauch.com\/blog\/#\/schema\/person\/2488dc053bdd8fc9c9451a4766652df2","name":"Patricia Schifferdecker","image":{"@type":"ImageObject","inLanguage":"de","@id":"https:\/\/www.jauch.com\/blog\/#\/schema\/person\/image\/","url":"https:\/\/www.jauch.com\/blog\/wp-content\/uploads\/2024\/07\/PSC_2-96x96.jpg","contentUrl":"https:\/\/www.jauch.com\/blog\/wp-content\/uploads\/2024\/07\/PSC_2-96x96.jpg","caption":"Patricia Schifferdecker"},"description":"Marketing manager at our company headquarters in Villingen-Schwenningen with unbridled enthusiasm for people, marketing, press and horses"}]}},"_links":{"self":[{"href":"https:\/\/www.jauch.com\/blog\/wp-json\/wp\/v2\/posts\/3037"}],"collection":[{"href":"https:\/\/www.jauch.com\/blog\/wp-json\/wp\/v2\/posts"}],"about":[{"href":"https:\/\/www.jauch.com\/blog\/wp-json\/wp\/v2\/types\/post"}],"author":[{"embeddable":true,"href":"https:\/\/www.jauch.com\/blog\/wp-json\/wp\/v2\/users\/2"}],"replies":[{"embeddable":true,"href":"https:\/\/www.jauch.com\/blog\/wp-json\/wp\/v2\/comments?post=3037"}],"version-history":[{"count":5,"href":"https:\/\/www.jauch.com\/blog\/wp-json\/wp\/v2\/posts\/3037\/revisions"}],"predecessor-version":[{"id":3258,"href":"https:\/\/www.jauch.com\/blog\/wp-json\/wp\/v2\/posts\/3037\/revisions\/3258"}],"wp:attachment":[{"href":"https:\/\/www.jauch.com\/blog\/wp-json\/wp\/v2\/media?parent=3037"}],"wp:term":[{"taxonomy":"category","embeddable":true,"href":"https:\/\/www.jauch.com\/blog\/wp-json\/wp\/v2\/categories?post=3037"},{"taxonomy":"post_tag","embeddable":true,"href":"https:\/\/www.jauch.com\/blog\/wp-json\/wp\/v2\/tags?post=3037"}],"curies":[{"name":"wp","href":"https:\/\/api.w.org\/{rel}","templated":true}]}}